[{"@context":"https:\/\/schema.org\/","@type":"Article","@id":"https:\/\/www.ozdobse.cz\/uzijte-si-bajecny-tyden-volna-v-prepychovych-apartmanech\/#Article","mainEntityOfPage":"https:\/\/www.ozdobse.cz\/uzijte-si-bajecny-tyden-volna-v-prepychovych-apartmanech\/","headline":"U\u017eijte si b\u00e1je\u010dn\u00fd t\u00fdden volna v p\u0159epychov\u00fdch apartm\u00e1nech!","name":"U\u017eijte si b\u00e1je\u010dn\u00fd t\u00fdden volna v p\u0159epychov\u00fdch apartm\u00e1nech!","description":"Hurr\u00e1\u00e1 na pr\u00e1zdniny! D\u011bti, ale i jejich rodi\u010de se kone\u010dn\u011b do\u010dkali! Jarn\u00ed pr\u00e1zdniny u\u017e jsou na spadnut\u00ed a v n\u011bkter\u00fdch kraj\u00edch ji\u017e za\u010daly, a to je proto nejvy\u0161\u0161\u00ed \u010das zabukovat zimn\u00ed t\u00fdden na hor\u00e1ch a vyrazit s celou rodinou na ly\u017ee! A pokud n\u00e1hodou nely\u017eujete, neznamen\u00e1 to, \u017ee mus\u00edte sed\u011bt doma za pec\u00ed! Na hory...","datePublished":"2022-01-23","dateModified":"2023-04-28","author":{"@type":"Person","@id":"https:\/\/www.ozdobse.cz\/author\/#Person","name":"","url":"https:\/\/www.ozdobse.cz\/author\/","identifier":1,"image":{"@type":"ImageObject","@id":"https:\/\/secure.gravatar.com\/avatar\/7c144e1de0ecc43e7a8353c804f0c7ea63c9554336576e7048c4bdeaa59bbbbb?s=96&d=mm&r=g","url":"https:\/\/secure.gravatar.com\/avatar\/7c144e1de0ecc43e7a8353c804f0c7ea63c9554336576e7048c4bdeaa59bbbbb?s=96&d=mm&r=g","height":96,"width":96}},"publisher":{"@type":"Organization","name":"ozdobse.cz","logo":{"@type":"ImageObject","@id":"\/logo.png","url":"\/logo.png","width":600,"height":60}},"image":{"@type":"ImageObject","@id":"https:\/\/www.ozdobse.cz\/wp-content\/uploads\/ly%C5%BEov%C3%A1n%C3%A1.jpg","url":"https:\/\/www.ozdobse.cz\/wp-content\/uploads\/ly%C5%BEov%C3%A1n%C3%A1.jpg","height":0,"width":0},"url":"https:\/\/www.ozdobse.cz\/uzijte-si-bajecny-tyden-volna-v-prepychovych-apartmanech\/","about":["Firmy"],"wordCount":434,"articleBody":"   Hurr\u00e1\u00e1 na pr\u00e1zdniny!D\u011bti, ale i jejich rodi\u010de se kone\u010dn\u011b do\u010dkali! Jarn\u00ed pr\u00e1zdniny u\u017e jsou na spadnut\u00ed a v n\u011bkter\u00fdch kraj\u00edch ji\u017e za\u010daly, a to je proto nejvy\u0161\u0161\u00ed \u010das zabukovat zimn\u00ed t\u00fdden na hor\u00e1ch a vyrazit s celou rodinou na ly\u017ee! A pokud n\u00e1hodou nely\u017eujete, neznamen\u00e1 to, \u017ee mus\u00edte sed\u011bt doma za pec\u00ed! Na hory se rozje\u010fte i tak, proto\u017ee zimn\u00ed b\u00edl\u00e1 zasn\u011b\u017een\u00e1 p\u0159\u00edroda m\u00e1 n\u011bco do sebe. S d\u011btmi za\u017eijete b\u00e1je\u010dn\u00fd t\u00fdden spojen\u00fd s t\u00farami, kter\u00e9 vym\u00fd\u0161lejte dle mo\u017enost\u00ed a schopnost\u00ed va\u0161ich d\u011bt\u00ed zvl\u00e1dnout v\u00fd\u0161lap tak, abyste je sp\u00ed\u0161e neodradili a na jarn\u00ed pr\u00e1zdniny nem\u011bly traumatizuj\u00edc\u00ed vzpom\u00ednku.Napl\u00e1nujte program pro d\u011bti!Program je t\u0159eba uzp\u016fsobit p\u0159edev\u0161\u00edm d\u011btem, proto\u017ee pro\u0161ly b\u011bhem posledn\u00edho roku velmi t\u011b\u017ek\u00fdm obdob\u00edm, kdy v dob\u011b koronaviru musely z\u016fst\u00e1vat doma na on-line v\u00fduce samy, bez kamar\u00e1d\u016f a bez mo\u017enosti her a \u017eiv\u00e9ho pov\u00edd\u00e1n\u00ed. Byly na dlouho vr\u017eeny do samoty, kamar\u00e1dstv\u00ed leckde za\u0161lo na \u00fabyt\u011b, ale ani rodi\u010de to nem\u011bli lehk\u00e9, proto\u017ee najednou ze dne na den p\u0159evzali roli u\u010ditele a vychovatelek v dru\u017ein\u011b, kdy se museli postarat o voln\u00fd \u010das sv\u00fdch rob\u00e1tek, co\u017e bylo velmi t\u011b\u017ek\u00e9 v dob\u011b, kdy jsme v\u0161ichni museli z\u016fst\u00e1vat doma. A na proch\u00e1zky se sm\u011blo jen minim\u00e1ln\u011b nebo jen v r\u00e1mci m\u011bsta.U\u017eijte si b\u00e1je\u010dn\u00fd t\u00fdden volna v p\u0159epychov\u00fdch apartm\u00e1nech!A proto nyn\u00ed, kdy\u017e m\u016f\u017eete, nev\u00e1hejte a vyje\u010fte  https:\/\/www.startupjobs.cz\/blog\/erasmus-pro-podnikatele-vyjedte-do-zahranici-diky-fondum-eu si s rodinou u\u017e\u00edt b\u00e1je\u010dn\u00fd t\u00fdden volna. D\u011bti se pot\u0159ebuj\u00ed vy\u0159\u00e1dit a rodi\u010de odpo\u010dinout. Na d\u011bti dohl\u00e9dnete p\u0159i koulov\u00e1n\u00ed nebo si zaly\u017eujte. Opra\u0161te b\u011b\u017eky a proje\u010fte se v klidu zimn\u00ed p\u0159\u00edrodou. K pohod\u011b v\u00e1m p\u0159isp\u011bje i b\u00e1je\u010dn\u00e9 ubytov\u00e1n\u00ed v rodinn\u00fdch apartm\u00e1nech ubytov\u00e1n\u00ed doln\u00ed morava bl\u00edzko sjezdovky. Vy, kte\u0159\u00ed sjezdov\u00e9 ly\u017eov\u00e1n\u00ed milujete, jist\u011b tak b\u00e1je\u010dn\u00e9 ubytov\u00e1n\u00ed v bl\u00edzkosti vleku uv\u00edt\u00e1te. To znamen\u00e1 \u2013 b\u00fdt brzo na sjezdovce a co nejpozd\u011bj\u0161\u00ed n\u00e1vrat, proto\u017ee vyh\u0159\u00e1t\u00fd pel\u00ed\u0161ek m\u00e1te na dosah ruky!                                                                                                                                                                                                                                                                                                                                                                                          5\/5 - (2 votes)        "},{"@context":"https:\/\/schema.org\/","@type":"BreadcrumbList","itemListElement":[{"@type":"ListItem","position":1,"name":"U\u017eijte si b\u00e1je\u010dn\u00fd t\u00fdden volna v p\u0159epychov\u00fdch apartm\u00e1nech!","item":"https:\/\/www.ozdobse.cz\/uzijte-si-bajecny-tyden-volna-v-prepychovych-apartmanech\/#breadcrumbitem"}]}]